{"id":8506,"date":"2026-04-27T11:05:22","date_gmt":"2026-04-27T09:05:22","guid":{"rendered":"https:\/\/golf-entreprise-ara.org\/wpara\/?p=8506"},"modified":"2026-04-29T11:06:04","modified_gmt":"2026-04-29T09:06:04","slug":"30-cheminots-sur-le-green-une-matinee-ensoleillee-aux-chanalets","status":"publish","type":"post","link":"https:\/\/golf-entreprise-ara.org\/wpara\/30-cheminots-sur-le-green-une-matinee-ensoleillee-aux-chanalets\/","title":{"rendered":"30 cheminots sur le green \u2014 une matin\u00e9e ensoleill\u00e9e aux Chanalets"},"content":{"rendered":"<p class=\"font-claude-response-body break-words whitespace-normal leading-[1.7]\"><strong>Golf d&rsquo;Entreprise \u00b7 Initiation | Samedi 25 avril 2026 | Golf des Chanalets \u00b7 ASFC section golf \u00b7 SNCF<\/strong><\/p>\n<hr class=\"border-border-200 border-t-0.5 my-3 mx-1.5\" \/>\n<p class=\"font-claude-response-body break-words whitespace-normal leading-[1.7]\">C&rsquo;est dans un cadre naturel privil\u00e9gi\u00e9, sous un ciel d\u00e9gag\u00e9 sans le moindre souffle de vent, que le <strong>Golf des Chanalets<\/strong> a ouvert ses portes \u00e0 un groupe de <strong>30 salari\u00e9s de la SNCF<\/strong>, venus d\u00e9couvrir le golf le temps d&rsquo;une matin\u00e9e. Port\u00e9e par l&rsquo;<strong>AS ASFC section golf<\/strong>, cette initiation conviviale et dynamique s&rsquo;inscrit pleinement dans une d\u00e9marche de <strong>bien-\u00eatre au travail<\/strong> et d&rsquo;ouverture \u00e0 de nouvelles pratiques sportives.<\/p>\n<h2 class=\"text-text-100 mt-3 -mb-1 text-[1.125rem] font-bold\">Une initiation progressive et bien encadr\u00e9e<\/h2>\n<p class=\"font-claude-response-body break-words whitespace-normal leading-[1.7]\">Encadr\u00e9s par un enseignant professionnel et <strong>trois b\u00e9n\u00e9voles du club<\/strong>, les participants ont \u00e9t\u00e9 initi\u00e9s aux gestes fondamentaux : posture, prise en main du club, putting et premiers swings. Des bases essentielles, transmises avec p\u00e9dagogie pour permettre \u00e0 chacun de progresser \u00e0 son rythme.<\/p>\n<p class=\"font-claude-response-body break-words whitespace-normal leading-[1.7]\">Apr\u00e8s quelques exercices sur le <strong>practice et le compact<\/strong>, chacun a rapidement ressenti ses premi\u00e8res sensations et commenc\u00e9 \u00e0 mesurer les subtilit\u00e9s de la discipline. L&rsquo;ambiance, \u00e0 la fois studieuse et d\u00e9tendue, a favoris\u00e9 les \u00e9changes et renforc\u00e9 la coh\u00e9sion du groupe \u2014 un b\u00e9n\u00e9fice pr\u00e9cieux au-del\u00e0 du simple apprentissage sportif.<\/p>\n<p><img loading=\"lazy\" decoding=\"async\" class=\"alignnone wp-image-8508\" src=\"https:\/\/golf-entreprise-ara.org\/wpara\/wp-content\/uploads\/image9-180x240.jpeg\" alt=\"\" width=\"300\" height=\"400\" srcset=\"https:\/\/golf-entreprise-ara.org\/wpara\/wp-content\/uploads\/image9-180x240.jpeg 180w, https:\/\/golf-entreprise-ara.org\/wpara\/wp-content\/uploads\/image9-rotated.jpeg 480w\" sizes=\"auto, (max-width: 300px) 100vw, 300px\" \/><\/p>\n<h2 class=\"text-text-100 mt-3 -mb-1 text-[1.125rem] font-bold\">Des premi\u00e8res sensations qui donnent envie<\/h2>\n<p class=\"font-claude-response-body break-words whitespace-normal leading-[1.7]\">Pour beaucoup, ce fut une premi\u00e8re exp\u00e9rience enrichissante, suscitant autant de curiosit\u00e9 que d&rsquo;enthousiasme. Certains participants envisagent d\u00e9j\u00e0 de <strong>prolonger l&rsquo;exp\u00e9rience<\/strong> en revenant pratiquer sur le parcours \u2014 la meilleure preuve que l&rsquo;objectif est atteint.<\/p>\n<p class=\"font-claude-response-body break-words whitespace-normal leading-[1.7]\">Cette matin\u00e9e a illustr\u00e9 ce que le golf offre de singulier : allier pr\u00e9cision, concentration et ma\u00eetrise de soi dans un environnement naturel propice \u00e0 la d\u00e9tente et \u00e0 la s\u00e9r\u00e9nit\u00e9.<\/p>\n<blockquote><p>\u00ab Pour beaucoup, une premi\u00e8re exp\u00e9rience enrichissante \u2014 et d\u00e9j\u00e0 l&rsquo;envie de revenir pratiquer sur le parcours. \u00bb<\/p>\n<p><img loading=\"lazy\" decoding=\"async\" class=\"alignnone wp-image-8509\" src=\"https:\/\/golf-entreprise-ara.org\/wpara\/wp-content\/uploads\/image8-180x240.jpeg\" alt=\"\" width=\"300\" height=\"400\" srcset=\"https:\/\/golf-entreprise-ara.org\/wpara\/wp-content\/uploads\/image8-180x240.jpeg 180w, https:\/\/golf-entreprise-ara.org\/wpara\/wp-content\/uploads\/image8-rotated.jpeg 480w\" sizes=\"auto, (max-width: 300px) 100vw, 300px\" \/><\/p><\/blockquote>\n<h2 class=\"text-text-100 mt-3 -mb-1 text-[1.125rem] font-bold\">Un repas pour conclure en beaut\u00e9<\/h2>\n<p class=\"font-claude-response-body break-words whitespace-normal leading-[1.7]\">Un <strong>repas commun<\/strong> a cl\u00f4tur\u00e9 cette s\u00e9ance d&rsquo;initiation, prolongeant dans la convivialit\u00e9 une matin\u00e9e plac\u00e9e sous le signe du partage, de la d\u00e9couverte et du plaisir du jeu.<\/p>\n<h2 class=\"text-text-100 mt-3 -mb-1 text-[1.125rem] font-bold\">Remerciements<\/h2>\n<p class=\"font-claude-response-body break-words whitespace-normal leading-[1.7]\">Un grand merci \u00e0 l&rsquo;ensemble du personnel du Golf des Chanalets pour la qualit\u00e9 de leur accueil et de leur implication :<\/p>\n<ul class=\"[li_&amp;]:mb-0 [li_&amp;]:mt-1 [li_&amp;]:gap-1 [&amp;:not(:last-child)_ul]:pb-1 [&amp;:not(:last-child)_ol]:pb-1 list-disc flex flex-col gap-1 pl-8 mb-3\">\n<li class=\"whitespace-normal break-words pl-2\">L&rsquo;\u00e9quipe d&rsquo;<strong>accueil<\/strong><\/li>\n<li class=\"whitespace-normal break-words pl-2\">L&rsquo;\u00e9quipe du <strong>pro shop<\/strong><\/li>\n<li class=\"whitespace-normal break-words pl-2\">L&rsquo;\u00e9quipe <strong>terrain<\/strong><\/li>\n<li class=\"whitespace-normal break-words pl-2\">L&rsquo;\u00e9quipe de <strong>restauration<\/strong><\/li>\n<li class=\"whitespace-normal break-words pl-2\">L&rsquo;<strong>enseignant<\/strong> pour la qualit\u00e9 de son animation<\/li>\n<li class=\"whitespace-normal break-words pl-2\">Les <strong>trois b\u00e9n\u00e9voles<\/strong> pour leur engagement<\/li>\n<\/ul>\n<p class=\"font-claude-response-body break-words whitespace-normal leading-[1.7]\">Et bien s\u00fbr, merci \u00e0 l&rsquo;<strong>AS ASFC section golf<\/strong> pour l&rsquo;organisation de cette belle initiative. Vivement la prochaine !<\/p>\n<p>&nbsp;<\/p>\n","protected":false},"excerpt":{"rendered":"<p>Golf d&rsquo;Entreprise \u00b7 Initiation | Samedi 25 avril 2026 | Golf des Chanalets \u00b7 ASFC&#8230;<\/p>\n","protected":false},"author":9,"featured_media":8511,"comment_status":"closed","ping_status":"closed","sticky":false,"template":"","format":"standard","meta":{"footnotes":""},"categories":[144],"tags":[],"class_list":["post-8506","post","type-post","status-publish","format-standard","has-post-thumbnail","hentry","category-developpement"],"_links":{"self":[{"href":"https:\/\/golf-entreprise-ara.org\/wpara\/wp-json\/wp\/v2\/posts\/8506","targetHints":{"allow":["GET"]}}],"collection":[{"href":"https:\/\/golf-entreprise-ara.org\/wpara\/wp-json\/wp\/v2\/posts"}],"about":[{"href":"https:\/\/golf-entreprise-ara.org\/wpara\/wp-json\/wp\/v2\/types\/post"}],"author":[{"embeddable":true,"href":"https:\/\/golf-entreprise-ara.org\/wpara\/wp-json\/wp\/v2\/users\/9"}],"replies":[{"embeddable":true,"href":"https:\/\/golf-entreprise-ara.org\/wpara\/wp-json\/wp\/v2\/comments?post=8506"}],"version-history":[{"count":2,"href":"https:\/\/golf-entreprise-ara.org\/wpara\/wp-json\/wp\/v2\/posts\/8506\/revisions"}],"predecessor-version":[{"id":8510,"href":"https:\/\/golf-entreprise-ara.org\/wpara\/wp-json\/wp\/v2\/posts\/8506\/revisions\/8510"}],"wp:featuredmedia":[{"embeddable":true,"href":"https:\/\/golf-entreprise-ara.org\/wpara\/wp-json\/wp\/v2\/media\/8511"}],"wp:attachment":[{"href":"https:\/\/golf-entreprise-ara.org\/wpara\/wp-json\/wp\/v2\/media?parent=8506"}],"wp:term":[{"taxonomy":"category","embeddable":true,"href":"https:\/\/golf-entreprise-ara.org\/wpara\/wp-json\/wp\/v2\/categories?post=8506"},{"taxonomy":"post_tag","embeddable":true,"href":"https:\/\/golf-entreprise-ara.org\/wpara\/wp-json\/wp\/v2\/tags?post=8506"}],"curies":[{"name":"wp","href":"https:\/\/api.w.org\/{rel}","templated":true}]}}