{"id":8500,"date":"2026-04-27T10:28:58","date_gmt":"2026-04-27T08:28:58","guid":{"rendered":"https:\/\/golf-entreprise-ara.org\/wpara\/?p=8500"},"modified":"2026-04-29T10:29:11","modified_gmt":"2026-04-29T08:29:11","slug":"les-stephanois-sinitient-au-golf-deux-heures-qui-donnent-envie","status":"publish","type":"post","link":"https:\/\/golf-entreprise-ara.org\/wpara\/les-stephanois-sinitient-au-golf-deux-heures-qui-donnent-envie\/","title":{"rendered":"Les St\u00e9phanois s&rsquo;initient au golf, deux heures qui donnent envie"},"content":{"rendered":"<p class=\"subhead\">Trois AS d&rsquo;entreprise de Saint-\u00c9tienne r\u00e9unies au golf de la ville pour une soir\u00e9e d\u00e9couverte alliant technique, convivialit\u00e9 et perspective de formation.<\/p>\n<div class=\"meta\">Golf UGBG \u00b7 Saint-\u00c9tienneLigue Golf d&rsquo;Entreprise<\/div>\n<div class=\"stat-row\">\n<div class=\"stat\"><span class=\"stat-num\">3<\/span><span class=\"stat-label\">AS d&rsquo;entreprise<\/span><\/div>\n<div class=\"stat\"><span class=\"stat-num\">2h<\/span><span class=\"stat-label\">De d\u00e9couverte<\/span><\/div>\n<div class=\"stat\"><span class=\"stat-num\">6\/12<\/span><span class=\"stat-label\">Mois \u2014 Formation All4U<\/span><\/div>\n<div><img loading=\"lazy\" decoding=\"async\" class=\"alignnone wp-image-8501\" src=\"https:\/\/golf-entreprise-ara.org\/wpara\/wp-content\/uploads\/Loire_2-180x240.jpg\" alt=\"\" width=\"300\" height=\"400\" srcset=\"https:\/\/golf-entreprise-ara.org\/wpara\/wp-content\/uploads\/Loire_2-180x240.jpg 180w, https:\/\/golf-entreprise-ara.org\/wpara\/wp-content\/uploads\/Loire_2.jpg 454w\" sizes=\"auto, (max-width: 300px) 100vw, 300px\" \/><\/div>\n<\/div>\n<div class=\"body\">\n<p>Les s\u00e9ances d\u00e9couverte se poursuivent sur le territoire de la ligue, et c&rsquo;est au tour du bassin st\u00e9phanois de s&rsquo;y mettre ! Trois associations sportives d&rsquo;entreprise ont r\u00e9pondu pr\u00e9sent pour cette nouvelle session organis\u00e9e au\u00a0<strong>Golf de Saint-\u00c9tienne<\/strong>, sous la houlette du pro\u00a0<strong>Pierrick<\/strong>, habitu\u00e9 de ces initiations qu&rsquo;il conduit avec talent et p\u00e9dagogie.<\/p>\n<div class=\"people-row\">\n<div class=\"orga-box\"><\/div>\n<\/div>\n<div class=\"timeline\">\n<div class=\"tl-item\">\n<div class=\"tl-left\">\n<div class=\"tl-line\"><strong>\u00c9tape 1 \u00b7 Practice<\/strong><\/div>\n<\/div>\n<div class=\"tl-content\">\n<div class=\"tl-title\">Contacter la balle, chercher la distance<\/div>\n<div class=\"tl-desc\">Premi\u00e8re prise en main au practice : apprendre le geste, trouver le contact et envoyer la balle le plus loin possible. Les premiers swings sont lanc\u00e9s !<\/div>\n<\/div>\n<\/div>\n<div class=\"tl-item\">\n<div class=\"tl-left\">\n<div class=\"tl-line\"><\/div>\n<\/div>\n<div class=\"tl-content\">\n<div class=\"tl-time\"><strong>\u00c9tape 2 \u00b7 Putting green<\/strong><\/div>\n<div class=\"tl-title\">La pr\u00e9cision \u00e0 l&rsquo;\u00e9preuve<\/div>\n<div class=\"tl-desc\">Quelques putts pour mesurer l&rsquo;exigence du petit trou. Une r\u00e9v\u00e9lation pour beaucoup : la pr\u00e9cision, \u00e7a ne s&rsquo;improvise pas.<\/div>\n<\/div>\n<\/div>\n<div class=\"tl-item\">\n<div class=\"tl-left\">\n<div class=\"tl-line\"><\/div>\n<\/div>\n<div class=\"tl-content\">\n<div class=\"tl-time\"><strong>\u00c9tape 3 \u00b7 Petit parcours<\/strong><\/div>\n<div class=\"tl-title\">Le vrai golf, enfin !<\/div>\n<div class=\"tl-desc\">Direction le petit parcours pour une immersion grandeur nature : gestion des distances, ma\u00eetrise de la pr\u00e9cision aux abords du drapeau \u2014 les difficult\u00e9s du vrai golf se r\u00e9v\u00e8lent, et avec elles, toute sa richesse.<\/div>\n<\/div>\n<\/div>\n<div class=\"tl-item\">\n<div class=\"tl-left\">\n<div class=\"tl-dot\"><\/div>\n<\/div>\n<div class=\"tl-content\">\n<div class=\"tl-time\"><strong>Pour finir<\/strong><\/div>\n<div class=\"tl-title\">Pot de l&rsquo;amiti\u00e9 &amp; formation All4U<\/div>\n<div class=\"tl-desc\">Un moment convivial pour clore ces deux heures, avec pr\u00e9sentation du programme\u00a0<strong>All4U (6 ou 12 mois)<\/strong>\u00a0propos\u00e9 par le Golf UGBG \u2014 la prochaine \u00e9tape pour ceux qui veulent aller plus loin.<\/div>\n<\/div>\n<\/div>\n<div><img loading=\"lazy\" decoding=\"async\" class=\"alignnone wp-image-8503\" src=\"https:\/\/golf-entreprise-ara.org\/wpara\/wp-content\/uploads\/Loire_4-180x240.jpg\" alt=\"\" width=\"300\" height=\"400\" srcset=\"https:\/\/golf-entreprise-ara.org\/wpara\/wp-content\/uploads\/Loire_4-180x240.jpg 180w, https:\/\/golf-entreprise-ara.org\/wpara\/wp-content\/uploads\/Loire_4-600x800.jpg 600w, https:\/\/golf-entreprise-ara.org\/wpara\/wp-content\/uploads\/Loire_4.jpg 649w\" sizes=\"auto, (max-width: 300px) 100vw, 300px\" \/><\/div>\n<\/div>\n<div class=\"pullquote\">\n<blockquote><p>\u00ab Une ambiance tr\u00e8s conviviale, sous le regard attentif de Franck Courant \u2014 deux heures qui donnent vraiment envie de s&rsquo;y mettre. \u00bb<\/p><\/blockquote>\n<\/div>\n<div class=\"highlight-box\">\n<p>La formation\u00a0<strong>All4U<\/strong>, propos\u00e9e par le\u00a0<strong>Golf UGBG de Saint-\u00c9tienne<\/strong>\u00a0sur\u00a0<strong>6 ou 12 mois<\/strong>, a \u00e9t\u00e9 pr\u00e9sent\u00e9e aux participants en fin de s\u00e9ance. Un dispositif id\u00e9al pour transformer l&rsquo;essai et rejoindre d\u00e9finitivement l&rsquo;aventure du golf d&rsquo;entreprise.<\/p>\n<p><img loading=\"lazy\" decoding=\"async\" class=\"alignnone wp-image-8502\" src=\"https:\/\/golf-entreprise-ara.org\/wpara\/wp-content\/uploads\/Loire_3-180x240.jpg\" alt=\"\" width=\"300\" height=\"400\" srcset=\"https:\/\/golf-entreprise-ara.org\/wpara\/wp-content\/uploads\/Loire_3-180x240.jpg 180w, https:\/\/golf-entreprise-ara.org\/wpara\/wp-content\/uploads\/Loire_3.jpg 601w\" sizes=\"auto, (max-width: 300px) 100vw, 300px\" \/><\/p>\n<\/div>\n<p>Un grand merci au\u00a0<strong>Golf de Saint-\u00c9tienne<\/strong>\u00a0et \u00e0 son \u00e9quipe pour l&rsquo;accueil, \u00e0\u00a0<strong>Pierrick<\/strong>\u00a0pour la qualit\u00e9 irr\u00e9prochable de son animation, et \u00e0\u00a0<strong>Franck Courant<\/strong>\u00a0pour son implication au sein de l&rsquo;AS A-SIS. Ces s\u00e9ances d\u00e9couverte st\u00e9phanoises ont de beaux jours devant elles !<\/p>\n<\/div>\n","protected":false},"excerpt":{"rendered":"<p>Trois AS d&rsquo;entreprise de Saint-\u00c9tienne r\u00e9unies au golf de la ville pour une soir\u00e9e d\u00e9couverte&#8230;<\/p>\n","protected":false},"author":9,"featured_media":8504,"comment_status":"closed","ping_status":"closed","sticky":false,"template":"","format":"standard","meta":{"footnotes":""},"categories":[144],"tags":[],"class_list":["post-8500","post","type-post","status-publish","format-standard","has-post-thumbnail","hentry","category-developpement"],"_links":{"self":[{"href":"https:\/\/golf-entreprise-ara.org\/wpara\/wp-json\/wp\/v2\/posts\/8500","targetHints":{"allow":["GET"]}}],"collection":[{"href":"https:\/\/golf-entreprise-ara.org\/wpara\/wp-json\/wp\/v2\/posts"}],"about":[{"href":"https:\/\/golf-entreprise-ara.org\/wpara\/wp-json\/wp\/v2\/types\/post"}],"author":[{"embeddable":true,"href":"https:\/\/golf-entreprise-ara.org\/wpara\/wp-json\/wp\/v2\/users\/9"}],"replies":[{"embeddable":true,"href":"https:\/\/golf-entreprise-ara.org\/wpara\/wp-json\/wp\/v2\/comments?post=8500"}],"version-history":[{"count":1,"href":"https:\/\/golf-entreprise-ara.org\/wpara\/wp-json\/wp\/v2\/posts\/8500\/revisions"}],"predecessor-version":[{"id":8505,"href":"https:\/\/golf-entreprise-ara.org\/wpara\/wp-json\/wp\/v2\/posts\/8500\/revisions\/8505"}],"wp:featuredmedia":[{"embeddable":true,"href":"https:\/\/golf-entreprise-ara.org\/wpara\/wp-json\/wp\/v2\/media\/8504"}],"wp:attachment":[{"href":"https:\/\/golf-entreprise-ara.org\/wpara\/wp-json\/wp\/v2\/media?parent=8500"}],"wp:term":[{"taxonomy":"category","embeddable":true,"href":"https:\/\/golf-entreprise-ara.org\/wpara\/wp-json\/wp\/v2\/categories?post=8500"},{"taxonomy":"post_tag","embeddable":true,"href":"https:\/\/golf-entreprise-ara.org\/wpara\/wp-json\/wp\/v2\/tags?post=8500"}],"curies":[{"name":"wp","href":"https:\/\/api.w.org\/{rel}","templated":true}]}}