{"id":8492,"date":"2026-04-29T10:06:06","date_gmt":"2026-04-29T08:06:06","guid":{"rendered":"https:\/\/golf-entreprise-ara.org\/wpara\/?p=8492"},"modified":"2026-04-29T11:14:55","modified_gmt":"2026-04-29T09:14:55","slug":"le-1er-mai-les-alpes-souvrent-au-golf","status":"publish","type":"post","link":"https:\/\/golf-entreprise-ara.org\/wpara\/le-1er-mai-les-alpes-souvrent-au-golf\/","title":{"rendered":"Le 1er mai, les Alpes s&rsquo;ouvrent au golf"},"content":{"rendered":"<p>Savoie et Haute-Savoie organisent simultan\u00e9ment leurs journ\u00e9es d\u00e9couverte : une mobilisation alpine sans pr\u00e9c\u00e9dent.<\/p>\n<p>Ce 1er mai 2026, les deux d\u00e9partements alpins de notre ligue vibrent \u00e0 l&rsquo;unisson autour du golf d&rsquo;entreprise. Une co\u00efncidence heureuse \u2014 ou plut\u00f4t le signe d&rsquo;une dynamique bien ancr\u00e9e \u2014 qui voit\u00a0<strong>Savoie et Haute-Savoie<\/strong>\u00a0organiser chacune leur journ\u00e9e d\u00e9couverte le m\u00eame jour, en toute ind\u00e9pendance et avec un enthousiasme communicatif.<\/p>\n<div class=\"orga-box\">\n<div class=\"orga-text\">\n<p><img loading=\"lazy\" decoding=\"async\" class=\"alignnone wp-image-8493\" src=\"https:\/\/golf-entreprise-ara.org\/wpara\/wp-content\/uploads\/Savoie0105-169x240.jpg\" alt=\"\" width=\"300\" height=\"426\" \/><\/p>\n<\/div>\n<\/div>\n<p>En Haute-Savoie, c&rsquo;est sous l&rsquo;\u00e9gide de\u00a0<strong>Cl\u00e9ment Burgunder<\/strong>, pr\u00e9sident de l&rsquo;<strong>AS NTN-SNR Roulements<\/strong>, que les choses se pr\u00e9parent avec soin et m\u00e9thode. La formule retenue est ambitieuse : une\u00a0<strong>s\u00e9ance commune r\u00e9unissant toutes les associations sportives du d\u00e9partement<\/strong>, pour un moment de d\u00e9couverte et de convivialit\u00e9 partag\u00e9. Un gros succ\u00e8s est plus qu&rsquo;esp\u00e9r\u00e9.<\/p>\n<div class=\"pullquote\">\n<blockquote><p>\u00ab Ce rendez-vous du 1er mai est devenu un rituel \u2014 une porte d&rsquo;entr\u00e9e pr\u00e9cieuse vers un sport qui m\u00e9rite d&rsquo;\u00eatre d\u00e9couvert. \u00bb<\/p><\/blockquote>\n<\/div>\n<p>De leur c\u00f4t\u00e9, les\u00a0<strong>AS savoyardes du d\u00e9partement voisin<\/strong>\u00a0n&rsquo;ont pas voulu \u00eatre en reste. Elles aussi ont programm\u00e9 leur propre journ\u00e9e d\u00e9couverte ce m\u00eame 1er mai, t\u00e9moignant d&rsquo;une belle \u00e9mulation entre territoires et d&rsquo;une progression continue des initiatives au sein de la ligue.<\/p>\n<p>Ces journ\u00e9es d\u00e9couverte sont en pleine croissance \u00e0 l&rsquo;\u00e9chelle de la ligue, et les \u00e9ditions alpines en sont une belle illustration. Elles permettent chaque ann\u00e9e d&rsquo;accueillir de nouveaux venus, souvent curieux mais encore h\u00e9sitants, et de leur donner le go\u00fbt du green et du fairway.<\/p>\n<p>Toute l&rsquo;\u00e9quipe de la Ligue Golf d&rsquo;Entreprise adresse ses encouragements aux organisateurs des deux d\u00e9partements et se r\u00e9jouit par avance des retours.\u00a0<strong>On vous tient au courant !<\/strong><\/p>\n","protected":false},"excerpt":{"rendered":"<p>Savoie et Haute-Savoie organisent simultan\u00e9ment leurs journ\u00e9es d\u00e9couverte : une mobilisation alpine sans pr\u00e9c\u00e9dent. Ce&#8230;<\/p>\n","protected":false},"author":9,"featured_media":8513,"comment_status":"closed","ping_status":"closed","sticky":false,"template":"","format":"standard","meta":{"footnotes":""},"categories":[144],"tags":[],"class_list":["post-8492","post","type-post","status-publish","format-standard","has-post-thumbnail","hentry","category-developpement"],"_links":{"self":[{"href":"https:\/\/golf-entreprise-ara.org\/wpara\/wp-json\/wp\/v2\/posts\/8492","targetHints":{"allow":["GET"]}}],"collection":[{"href":"https:\/\/golf-entreprise-ara.org\/wpara\/wp-json\/wp\/v2\/posts"}],"about":[{"href":"https:\/\/golf-entreprise-ara.org\/wpara\/wp-json\/wp\/v2\/types\/post"}],"author":[{"embeddable":true,"href":"https:\/\/golf-entreprise-ara.org\/wpara\/wp-json\/wp\/v2\/users\/9"}],"replies":[{"embeddable":true,"href":"https:\/\/golf-entreprise-ara.org\/wpara\/wp-json\/wp\/v2\/comments?post=8492"}],"version-history":[{"count":1,"href":"https:\/\/golf-entreprise-ara.org\/wpara\/wp-json\/wp\/v2\/posts\/8492\/revisions"}],"predecessor-version":[{"id":8494,"href":"https:\/\/golf-entreprise-ara.org\/wpara\/wp-json\/wp\/v2\/posts\/8492\/revisions\/8494"}],"wp:featuredmedia":[{"embeddable":true,"href":"https:\/\/golf-entreprise-ara.org\/wpara\/wp-json\/wp\/v2\/media\/8513"}],"wp:attachment":[{"href":"https:\/\/golf-entreprise-ara.org\/wpara\/wp-json\/wp\/v2\/media?parent=8492"}],"wp:term":[{"taxonomy":"category","embeddable":true,"href":"https:\/\/golf-entreprise-ara.org\/wpara\/wp-json\/wp\/v2\/categories?post=8492"},{"taxonomy":"post_tag","embeddable":true,"href":"https:\/\/golf-entreprise-ara.org\/wpara\/wp-json\/wp\/v2\/tags?post=8492"}],"curies":[{"name":"wp","href":"https:\/\/api.w.org\/{rel}","templated":true}]}}