{"id":8158,"date":"2025-09-07T20:38:28","date_gmt":"2025-09-07T18:38:28","guid":{"rendered":"https:\/\/golf-entreprise-ara.org\/wpara\/?p=8158"},"modified":"2025-09-07T20:38:28","modified_gmt":"2025-09-07T18:38:28","slug":"bons-resultats-de-nos-3-as-a-la-coupe-de-france-2025-trophee-raymond-fanen","status":"publish","type":"post","link":"https:\/\/golf-entreprise-ara.org\/wpara\/bons-resultats-de-nos-3-as-a-la-coupe-de-france-2025-trophee-raymond-fanen\/","title":{"rendered":"Bons r\u00e9sultats de nos 3 AS \u00e0 la Coupe de France 2025\u00a0\u00ab\u00a0Troph\u00e9e Raymond FANEN\u00a0\u00bb"},"content":{"rendered":"<p><strong>Bons r\u00e9sultats de nos 3 AS \u00e0 la Coupe de France 2025\u00a0\u00ab\u00a0Troph\u00e9e Raymond FANEN<\/strong>\u00a0\u00bb :<\/p>\n<p>Ce week-end, nos trois \u00e9quipes qualifi\u00e9es pour la finale coupe de France \u00e9taient au golf de Orl\u00e9ans Lim\u00e8re. Depuis ce vendredi 5 septembre les 30 meilleures \u00e9quipes Fran\u00e7aises du golf entreprise se sont rencontr\u00e9es sur le tr\u00e8s beau parcours d\u2019Orl\u00e9ans Lim\u00e8re durant 3 jours. Trois \u00e9quipes (CEA Grenoble, HP et Grenoble Sport Entreprise) de la ligue AURA ont particip\u00e9 \u00e0 ce grand rendez-vous annuel suite \u00e0 leur qualification en juin dernier au golf de Bresson. Chaque \u00e9quipe devait pr\u00e9senter au moins 4 joueurs sur 36 trous \/ 18 trous par jour (score en net\/\/d\u00e9part jaune\/rouge). Les 3 meilleurs scores de chaque tour sont retenus, puis apr\u00e8s deux tours, les 15 premi\u00e8res \u00e9quipes sont qualifi\u00e9es pour le dernier tour.<\/p>\n<p><img loading=\"lazy\" decoding=\"async\" class=\"alignnone size-medium wp-image-8161\" src=\"https:\/\/golf-entreprise-ara.org\/wpara\/wp-content\/uploads\/PVNG3997-300x225.jpg\" alt=\"\" width=\"300\" height=\"225\" srcset=\"https:\/\/golf-entreprise-ara.org\/wpara\/wp-content\/uploads\/PVNG3997-300x225.jpg 300w, https:\/\/golf-entreprise-ara.org\/wpara\/wp-content\/uploads\/PVNG3997-1024x768.jpg 1024w, https:\/\/golf-entreprise-ara.org\/wpara\/wp-content\/uploads\/PVNG3997-768x576.jpg 768w, https:\/\/golf-entreprise-ara.org\/wpara\/wp-content\/uploads\/PVNG3997.jpg 1130w\" sizes=\"auto, (max-width: 300px) 100vw, 300px\" \/><\/p>\n<p>Au cours des deux premiers jours, nos trois \u00e9quipes ont bien perform\u00e9 pour passer le cut avec HP qui terminait en cinqui\u00e8me position samedi soir. Dimanche, les 15 meilleures \u00e9quipes se sont retrouv\u00e9es sur le parcours tr\u00e8s bien pr\u00e9par\u00e9. Suite \u00e0 sa premi\u00e8re place apr\u00e8s le cut, Novo Nordisk a renforc\u00e9 son avance.<\/p>\n<p>Par contre seulement 6 points s\u00e9parent le 2eme du 8eme. Le CEA fait une tr\u00e8s belle remont\u00e9e en terminant 7eme \u00e0 5 points du podium. Malheureusement HP r\u00e9trograde \u00e0 la 8eme place. A noter la 13eme place pour l\u2019\u00e9quipe de Grenoble Sport Entreprise.<\/p>\n<p>Les r\u00e9sultats sont consultables sur le site de la ffgolf via le lien ci-dessous\u00a0:<\/p>\n<p><a href=\"https:\/\/docs.google.com\/spreadsheets\/u\/3\/d\/e\/2PACX-1vTHeFd3nf0jqknBjNgkU6TA2PUT3qFMe4V5KcV6JV9PNbG-A4SKCARMPGF7AZtunVXyES2Qi7sxQp34\/pubhtml?gid=946981215&amp;amp;single=true&amp;amp;widget=true&amp;amp;headers=false%22%3E%3C\/iframe%3E#gid=619\">https:\/\/docs.google.com\/spreadsheets\/u\/3\/d\/e\/2PACX-1vTHeFd3nf0jqknBjNgkU6TA2PUT3qFMe4V5KcV6JV9PNbG-A4SKCARMPGF7AZtunVXyES2Qi7sxQp34\/pubhtml?gid=946981215&amp;amp;single=true&amp;amp;widget=true&amp;amp;headers=false%22%3E%3C\/iframe%3E#gid=619<\/a><\/p>\n","protected":false},"excerpt":{"rendered":"<p>Bons r\u00e9sultats de nos 3 AS \u00e0 la Coupe de France 2025\u00a0\u00ab\u00a0Troph\u00e9e Raymond FANEN\u00a0\u00bb :&#8230;<\/p>\n","protected":false},"author":9,"featured_media":8161,"comment_status":"closed","ping_status":"closed","sticky":false,"template":"","format":"standard","meta":{"footnotes":""},"categories":[37,11],"tags":[],"class_list":["post-8158","post","type-post","status-publish","format-standard","has-post-thumbnail","hentry","category-competition","category-ffgolf"],"_links":{"self":[{"href":"https:\/\/golf-entreprise-ara.org\/wpara\/wp-json\/wp\/v2\/posts\/8158","targetHints":{"allow":["GET"]}}],"collection":[{"href":"https:\/\/golf-entreprise-ara.org\/wpara\/wp-json\/wp\/v2\/posts"}],"about":[{"href":"https:\/\/golf-entreprise-ara.org\/wpara\/wp-json\/wp\/v2\/types\/post"}],"author":[{"embeddable":true,"href":"https:\/\/golf-entreprise-ara.org\/wpara\/wp-json\/wp\/v2\/users\/9"}],"replies":[{"embeddable":true,"href":"https:\/\/golf-entreprise-ara.org\/wpara\/wp-json\/wp\/v2\/comments?post=8158"}],"version-history":[{"count":3,"href":"https:\/\/golf-entreprise-ara.org\/wpara\/wp-json\/wp\/v2\/posts\/8158\/revisions"}],"predecessor-version":[{"id":8162,"href":"https:\/\/golf-entreprise-ara.org\/wpara\/wp-json\/wp\/v2\/posts\/8158\/revisions\/8162"}],"wp:featuredmedia":[{"embeddable":true,"href":"https:\/\/golf-entreprise-ara.org\/wpara\/wp-json\/wp\/v2\/media\/8161"}],"wp:attachment":[{"href":"https:\/\/golf-entreprise-ara.org\/wpara\/wp-json\/wp\/v2\/media?parent=8158"}],"wp:term":[{"taxonomy":"category","embeddable":true,"href":"https:\/\/golf-entreprise-ara.org\/wpara\/wp-json\/wp\/v2\/categories?post=8158"},{"taxonomy":"post_tag","embeddable":true,"href":"https:\/\/golf-entreprise-ara.org\/wpara\/wp-json\/wp\/v2\/tags?post=8158"}],"curies":[{"name":"wp","href":"https:\/\/api.w.org\/{rel}","templated":true}]}}